{"id":2982,"date":"2025-06-26T14:09:40","date_gmt":"2025-06-26T12:09:40","guid":{"rendered":"https:\/\/ffcv.org\/?post_type=jobpost&#038;p=2982"},"modified":"2025-06-26T14:09:41","modified_gmt":"2025-06-26T12:09:41","slug":"moniteur-char-a-voile-h-f-en-alternance","status":"publish","type":"jobpost","link":"https:\/\/ffcv.org\/index.php\/jobs\/moniteur-char-a-voile-h-f-en-alternance\/","title":{"rendered":"MONITEUR CHAR A VOILE (h\/f) En Alternance"},"content":{"rendered":"\n<p>Afin de renforcer son \u00e9quipe, l\u2019Ecole de char \u00e0 voile \u00ab&nbsp;Mer et Rencontres&nbsp;\u00bb recherche un moniteur ou une monitrice de char \u00e0 voile en alternance.<\/p>\n\n\n\n<p>Mission&nbsp;:<\/p>\n\n\n\n<ul class=\"wp-block-list\">\n<li>Concevoir et encadrer une s\u00e9ance d\u2019initiation au char \u00e0 voile, un stage voire une s\u00e9ance de perfectionnement avec diff\u00e9rents publics (scolaires\/ individuels\/ personnes en situation de handicap, entreprises,&#8230;)<\/li>\n\n\n\n<li>Pr\u00e9parer le mat\u00e9riel et utilisation des v\u00e9hicules (quad et tracteur)<\/li>\n\n\n\n<li>Veiller \u00e0 la s\u00e9curit\u00e9 des participants<\/li>\n\n\n\n<li>Entretenir et r\u00e9parer le mat\u00e9riel<\/li>\n<\/ul>\n\n\n\n<p>Profil recherch\u00e9 :<\/p>\n\n\n\n<ul class=\"wp-block-list\">\n<li>Esprit d\u2019\u00e9quipe tout en \u00e9tant autonome\u00a0<\/li>\n\n\n\n<li>Excellent relationnel\u00a0<\/li>\n\n\n\n<li>P\u00e9dagogue, bienveillant et dynamique\u00a0<\/li>\n\n\n\n<li>Travaillant aussi bien en semaine que les week-ends et jours f\u00e9ri\u00e9s\u00a0<\/li>\n\n\n\n<li>Anglais appr\u00e9ci\u00e9<\/li>\n\n\n\n<li>Permis B<\/li>\n<\/ul>\n\n\n\n<p>Formation&nbsp;pr\u00e9vue :<\/p>\n\n\n\n<ul class=\"wp-block-list\">\n<li>BPJEPS Monovalent Char \u00e0 voile au CREPS des Pays de la Loire<\/li>\n<\/ul>\n\n\n\n<p>Pr\u00e9 requis&nbsp;:<\/p>\n\n\n\n<p>-\u00catre titulaire de l\u2019une des attestations de formation relative au secourisme suivante : \u00ab pr\u00e9vention et secours civiques de niveau 1 \u00bb (PSC1) ou \u00e9quivalent<\/p>\n\n\n\n<p>-Pr\u00e9senter un certificat m\u00e9dical de non contre-indication de la pratique du \u00ab char \u00e0 voile \u00bb datant de moins d\u2019un an \u00e0 la date de l\u2019entr\u00e9e en formation du candidat<\/p>\n\n\n\n<p>-Produire une attestation de 100 m\u00e8tres nage libre, d\u00e9part plong\u00e9 avec r\u00e9cup\u00e9ration d\u2019un objet immerg\u00e9 \u00e0 2 m\u00e8tres de profondeur \u00e0 la fin de la derni\u00e8re longueur<\/p>\n\n\n\n<p>Lieux d\u2019activit\u00e9&nbsp;:<\/p>\n\n\n\n<ul class=\"wp-block-list\">\n<li>Base de voile de la Licorne \u2013 Dunkerque<\/li>\n\n\n\n<li>Base du S\u00e9maphore \u2013 Zuydcoote (juillet\/ao\u00fbt)<\/li>\n<\/ul>\n\n\n\n<p>Nous vous proposons&nbsp;:<\/p>\n\n\n\n<ul class=\"wp-block-list\">\n<li>De travailler dans un environnement naturel au sein d\u2019une \u00e9quipe exp\u00e9riment\u00e9e et passionn\u00e9e\u00a0<\/li>\n\n\n\n<li>Des formations r\u00e9guli\u00e8res afin de consolider vos acquis et d\u00e9velopper vos comp\u00e9tences<\/li>\n\n\n\n<li>Des avantages (ch\u00e8ques vacances, carte cadeau, RTT, &#8230;)\u00a0<\/li>\n\n\n\n<li>R\u00e9mun\u00e9ration selon dipl\u00f4me et convention collective<\/li>\n<\/ul>\n\n\n\n<p>Poste \u00e0 pourvoir&nbsp;: rentr\u00e9e scolaire 2025\/2026<\/p>\n\n\n\n<p>Vous pouvez d\u00e9poser votre candidature \u00e0 l\u2019accueil de la Maison du nautisme ou nous la transmettre par mail \u00e0 <a href=\"mailto:meretrencontres@orange.fr\">meretrencontres@orange.fr<\/a> \u00e0 l\u2019attention de Mr Jean-Louis DECOSTER, Pr\u00e9sident de l\u2019Association.<\/p>\n","protected":false},"excerpt":{"rendered":"<p>Afin de renforcer son \u00e9quipe, l\u2019Ecole de char \u00e0 voile \u00ab&nbsp;Mer et Rencontres&nbsp;\u00bb recherche un moniteur ou une monitrice de char \u00e0 voile en alternance. Mission&nbsp;: Profil recherch\u00e9 : Formation&nbsp;pr\u00e9vue : Pr\u00e9 requis&nbsp;: -\u00catre titulaire de l\u2019une des attestations de formation relative au secourisme suivante : \u00ab pr\u00e9vention et secours civiques de niveau 1 \u00bb [&hellip;]<\/p>\n","protected":false},"author":2,"featured_media":0,"menu_order":0,"template":"","jobpost_category":[],"jobpost_job_type":[],"jobpost_location":[],"jobpost_tag":[],"class_list":["post-2982","jobpost","type-jobpost","status-publish","hentry"],"_links":{"self":[{"href":"https:\/\/ffcv.org\/index.php\/wp-json\/wp\/v2\/jobpost\/2982","targetHints":{"allow":["GET"]}}],"collection":[{"href":"https:\/\/ffcv.org\/index.php\/wp-json\/wp\/v2\/jobpost"}],"about":[{"href":"https:\/\/ffcv.org\/index.php\/wp-json\/wp\/v2\/types\/jobpost"}],"author":[{"embeddable":true,"href":"https:\/\/ffcv.org\/index.php\/wp-json\/wp\/v2\/users\/2"}],"wp:attachment":[{"href":"https:\/\/ffcv.org\/index.php\/wp-json\/wp\/v2\/media?parent=2982"}],"wp:term":[{"taxonomy":"jobpost_category","embeddable":true,"href":"https:\/\/ffcv.org\/index.php\/wp-json\/wp\/v2\/jobpost_category?post=2982"},{"taxonomy":"jobpost_job_type","embeddable":true,"href":"https:\/\/ffcv.org\/index.php\/wp-json\/wp\/v2\/jobpost_job_type?post=2982"},{"taxonomy":"jobpost_location","embeddable":true,"href":"https:\/\/ffcv.org\/index.php\/wp-json\/wp\/v2\/jobpost_location?post=2982"},{"taxonomy":"jobpost_tag","embeddable":true,"href":"https:\/\/ffcv.org\/index.php\/wp-json\/wp\/v2\/jobpost_tag?post=2982"}],"curies":[{"name":"wp","href":"https:\/\/api.w.org\/{rel}","templated":true}]}}