{"id":2980,"date":"2025-06-26T14:07:42","date_gmt":"2025-06-26T12:07:42","guid":{"rendered":"https:\/\/ffcv.org\/?post_type=jobpost&#038;p=2980"},"modified":"2025-06-26T14:07:43","modified_gmt":"2025-06-26T12:07:43","slug":"moniteur-char-a-voile-h-f-2","status":"publish","type":"jobpost","link":"https:\/\/ffcv.org\/index.php\/jobs\/moniteur-char-a-voile-h-f-2\/","title":{"rendered":"MONITEUR CHAR A VOILE (h\/f)"},"content":{"rendered":"\n<p>Afin de renforcer son \u00e9quipe, l\u2019Ecole de char \u00e0 voile \u00ab&nbsp;Mer et Rencontres&nbsp;\u00bb recherche un moniteur ou une monitrice de char \u00e0 voile.<\/p>\n\n\n\n<p>Mission&nbsp;:<\/p>\n\n\n\n<ul class=\"wp-block-list\">\n<li>Concevoir et encadrer une s\u00e9ance d\u2019initiation au char \u00e0 voile, un stage voire une s\u00e9ance de perfectionnement avec diff\u00e9rents publics (scolaires\/ individuels\/ personnes en situation de handicap, entreprises, &#8230;)<\/li>\n\n\n\n<li>Pr\u00e9parer le mat\u00e9riel et utilisation des v\u00e9hicules (quad et tracteur)<\/li>\n\n\n\n<li>Veiller \u00e0 la s\u00e9curit\u00e9 des participants<\/li>\n\n\n\n<li>Entretenir et r\u00e9parer le mat\u00e9riel<\/li>\n<\/ul>\n\n\n\n<p>Profil recherch\u00e9 :<\/p>\n\n\n\n<ul class=\"wp-block-list\">\n<li>Esprit d\u2019\u00e9quipe tout en \u00e9tant autonome\u00a0<\/li>\n\n\n\n<li>Excellent relationnel\u00a0<\/li>\n\n\n\n<li>P\u00e9dagogue, bienveillant et dynamique\u00a0<\/li>\n\n\n\n<li>Travaillant aussi bien en semaine que les week-ends et jours f\u00e9ri\u00e9s\u00a0<\/li>\n\n\n\n<li>Titulaire de la carte professionnelle\u00a0<\/li>\n\n\n\n<li>Anglais appr\u00e9ci\u00e9<\/li>\n\n\n\n<li>Permis B<\/li>\n<\/ul>\n\n\n\n<p>Formation souhait\u00e9e&nbsp;:<\/p>\n\n\n\n<ul class=\"wp-block-list\">\n<li>BEES 1<sup>er <\/sup> Char \u00e0 voile \/ BPJEPS Monovalent Char \u00e0 voile ou Plurivalent Option Char \u00e0 voile\u00a0<\/li>\n\n\n\n<li>CQP Char \u00e0 voile \/ Licence\/Deug STAPS \/ BPJEPS APT \/ BES APT<\/li>\n<\/ul>\n\n\n\n<p>Lieux d\u2019activit\u00e9&nbsp;:<\/p>\n\n\n\n<ul class=\"wp-block-list\">\n<li>Base de voile de la Licorne \u2013 Dunkerque<\/li>\n\n\n\n<li>Base du S\u00e9maphore \u2013 Zuydcoote (juillet\/ao\u00fbt)<\/li>\n<\/ul>\n\n\n\n<p>Nous vous proposons&nbsp;:<\/p>\n\n\n\n<ul class=\"wp-block-list\">\n<li>Un contrat CDD de remplacement \u00e0 dur\u00e9e ind\u00e9termin\u00e9e avec \u00e9volution possible vers un CDI.<\/li>\n\n\n\n<li>De travailler dans un environnement naturel au sein d\u2019une \u00e9quipe exp\u00e9riment\u00e9e et passionn\u00e9e\u00a0;<\/li>\n\n\n\n<li>Des formations r\u00e9guli\u00e8res afin de consolider vos acquis et d\u00e9velopper vos comp\u00e9tences<\/li>\n\n\n\n<li>Des avantages (ch\u00e8ques vacances, carte cadeau, RTT, &#8230;)\u00a0;<\/li>\n\n\n\n<li>R\u00e9mun\u00e9ration selon dipl\u00f4me et convention collective.<\/li>\n<\/ul>\n\n\n\n<p>Poste \u00e0 pourvoir septembre 2025<\/p>\n\n\n\n<p>Vous pouvez d\u00e9poser votre candidature \u00e0 l\u2019accueil de la Maison du nautisme ou nous la transmettre par mail \u00e0 <a href=\"mailto:meretrencontres@orange.fr\">meretrencontres@orange.fr<\/a> \u00e0 l\u2019attention de Mr Jean-Louis DECOSTER, Pr\u00e9sident de l\u2019Association.<\/p>\n","protected":false},"excerpt":{"rendered":"<p>Afin de renforcer son \u00e9quipe, l\u2019Ecole de char \u00e0 voile \u00ab&nbsp;Mer et Rencontres&nbsp;\u00bb recherche un moniteur ou une monitrice de char \u00e0 voile. Mission&nbsp;: Profil recherch\u00e9 : Formation souhait\u00e9e&nbsp;: Lieux d\u2019activit\u00e9&nbsp;: Nous vous proposons&nbsp;: Poste \u00e0 pourvoir septembre 2025 Vous pouvez d\u00e9poser votre candidature \u00e0 l\u2019accueil de la Maison du nautisme ou nous la transmettre [&hellip;]<\/p>\n","protected":false},"author":2,"featured_media":0,"menu_order":0,"template":"","jobpost_category":[],"jobpost_job_type":[],"jobpost_location":[],"jobpost_tag":[],"class_list":["post-2980","jobpost","type-jobpost","status-publish","hentry"],"_links":{"self":[{"href":"https:\/\/ffcv.org\/index.php\/wp-json\/wp\/v2\/jobpost\/2980","targetHints":{"allow":["GET"]}}],"collection":[{"href":"https:\/\/ffcv.org\/index.php\/wp-json\/wp\/v2\/jobpost"}],"about":[{"href":"https:\/\/ffcv.org\/index.php\/wp-json\/wp\/v2\/types\/jobpost"}],"author":[{"embeddable":true,"href":"https:\/\/ffcv.org\/index.php\/wp-json\/wp\/v2\/users\/2"}],"wp:attachment":[{"href":"https:\/\/ffcv.org\/index.php\/wp-json\/wp\/v2\/media?parent=2980"}],"wp:term":[{"taxonomy":"jobpost_category","embeddable":true,"href":"https:\/\/ffcv.org\/index.php\/wp-json\/wp\/v2\/jobpost_category?post=2980"},{"taxonomy":"jobpost_job_type","embeddable":true,"href":"https:\/\/ffcv.org\/index.php\/wp-json\/wp\/v2\/jobpost_job_type?post=2980"},{"taxonomy":"jobpost_location","embeddable":true,"href":"https:\/\/ffcv.org\/index.php\/wp-json\/wp\/v2\/jobpost_location?post=2980"},{"taxonomy":"jobpost_tag","embeddable":true,"href":"https:\/\/ffcv.org\/index.php\/wp-json\/wp\/v2\/jobpost_tag?post=2980"}],"curies":[{"name":"wp","href":"https:\/\/api.w.org\/{rel}","templated":true}]}}