{"id":2919,"date":"2025-03-25T17:24:05","date_gmt":"2025-03-25T16:24:05","guid":{"rendered":"https:\/\/ffcv.org\/?post_type=jobpost&#038;p=2919"},"modified":"2025-03-25T17:24:07","modified_gmt":"2025-03-25T16:24:07","slug":"moniteur-char-a-voile-h-f","status":"publish","type":"jobpost","link":"https:\/\/ffcv.org\/index.php\/jobs\/moniteur-char-a-voile-h-f\/","title":{"rendered":"MONITEUR CHAR A VOILE (H\/F)\u00a0"},"content":{"rendered":"\n<p>Dans le cadre de nos activit\u00e9s estivales, L\u2019\u00e9cole de voile d\u2019Hauteville sur Mer recherche un<br><strong>moniteur char \u00e0 voile<\/strong> (H\/F) du <strong>14 juillet au 16 aout.<\/strong><\/p>\n\n\n\n<p><strong>A ce titre vous aurez pour mission l\u2019encadrement des activit\u00e9s suivantes :<\/strong><\/p>\n\n\n\n<ul class=\"wp-block-list\">\n<li>Char \u00e0 voile<\/li>\n<\/ul>\n\n\n\n<p><\/p>\n\n\n\n<p><strong>Comp\u00e9tences demand\u00e9es :<\/strong><\/p>\n\n\n\n<ul class=\"wp-block-list\">\n<li>Concevoir et encadrer une s\u00e9ance d\u2019initiation d\u00e9couverte<\/li>\n\n\n\n<li>\u00catre p\u00e9dagogue et bienveillant<\/li>\n\n\n\n<li>Avoir l\u2019esprit d\u2019\u00e9quipe<\/li>\n\n\n\n<li>Permis B<\/li>\n\n\n\n<li>Maintenance\/atelier pour l\u2019entretien courant des chars<\/li>\n<\/ul>\n\n\n\n<p><strong>Formations :<\/strong><\/p>\n\n\n\n<ul class=\"wp-block-list\">\n<li>CQP Char \u00e0 voile ou LICENCE STAPS\/BPJEPS APT (avec exp\u00e9rience en char \u00e0 voile)<\/li>\n\n\n\n<li>BPJEPS char \u00e0 voile Ou \u00e9quivalent<\/li>\n<\/ul>\n\n\n\n<p><strong>Contact :<\/strong><\/p>\n\n\n\n<ul class=\"wp-block-list\">\n<li>Dujardin Laurie<\/li>\n\n\n\n<li>06 25 81 6 13<\/li>\n\n\n\n<li><a href=\"mailto:direction@anh-asso.fr\" target=\"_blank\" rel=\"noreferrer noopener\">direction@anh-asso.fr<\/a><\/li>\n<\/ul>\n\n\n\n<p>Possibilit\u00e9 de place au camping \u00e0 500m du club<\/p>\n","protected":false},"excerpt":{"rendered":"<p>Dans le cadre de nos activit\u00e9s estivales, L\u2019\u00e9cole de voile d\u2019Hauteville sur Mer recherche unmoniteur char \u00e0 voile (H\/F) du 14 juillet au 16 aout. A ce titre vous aurez pour mission l\u2019encadrement des activit\u00e9s suivantes : Comp\u00e9tences demand\u00e9es : Formations : Contact : Possibilit\u00e9 de place au camping \u00e0 500m du club<\/p>\n","protected":false},"author":2,"featured_media":0,"menu_order":0,"template":"","jobpost_category":[],"jobpost_job_type":[],"jobpost_location":[],"jobpost_tag":[],"class_list":["post-2919","jobpost","type-jobpost","status-publish","hentry"],"_links":{"self":[{"href":"https:\/\/ffcv.org\/index.php\/wp-json\/wp\/v2\/jobpost\/2919","targetHints":{"allow":["GET"]}}],"collection":[{"href":"https:\/\/ffcv.org\/index.php\/wp-json\/wp\/v2\/jobpost"}],"about":[{"href":"https:\/\/ffcv.org\/index.php\/wp-json\/wp\/v2\/types\/jobpost"}],"author":[{"embeddable":true,"href":"https:\/\/ffcv.org\/index.php\/wp-json\/wp\/v2\/users\/2"}],"wp:attachment":[{"href":"https:\/\/ffcv.org\/index.php\/wp-json\/wp\/v2\/media?parent=2919"}],"wp:term":[{"taxonomy":"jobpost_category","embeddable":true,"href":"https:\/\/ffcv.org\/index.php\/wp-json\/wp\/v2\/jobpost_category?post=2919"},{"taxonomy":"jobpost_job_type","embeddable":true,"href":"https:\/\/ffcv.org\/index.php\/wp-json\/wp\/v2\/jobpost_job_type?post=2919"},{"taxonomy":"jobpost_location","embeddable":true,"href":"https:\/\/ffcv.org\/index.php\/wp-json\/wp\/v2\/jobpost_location?post=2919"},{"taxonomy":"jobpost_tag","embeddable":true,"href":"https:\/\/ffcv.org\/index.php\/wp-json\/wp\/v2\/jobpost_tag?post=2919"}],"curies":[{"name":"wp","href":"https:\/\/api.w.org\/{rel}","templated":true}]}}